[{"@context":"https:\/\/schema.org\/","@type":"Article","@id":"https:\/\/www.ksutt.sk\/krasa-vianoc\/#Article","mainEntityOfPage":"https:\/\/www.ksutt.sk\/krasa-vianoc\/","headline":"Krasa Vianoc","name":"Krasa Vianoc","description":"Tie\u017e si hovor\u00edte, \u017ee to najkraj\u0161ie na Vianociach je pr\u00e1ve viano\u010dn\u00e9 osvetlenie led cencule? A \u017ee sa s nimi d\u00e1 robi\u0165 vec\u00ed! Osvetlenie toti\u017e nemus\u00edte nutne d\u00e1va\u0165 len na strom\u010dek, strom\u010dek a osvetlenie najr\u00f4znej\u0161\u00edch farieb sa hod\u00ed aj napr\u00edklad na balk\u00f3n. Ja som na balk\u00f3n tento rok dala n\u00e1dhern\u00e9 osvetlenie, ktor\u00e9 blik\u00e1 r\u00f4znymi farbami a &hellip;<p class=\"read-more\"> <a class=\"\" href=\"https:\/\/www.ksutt.sk\/krasa-vianoc\/\"> <span class=\"screen-reader-text\">Krasa Vianoc<\/span> Read More &raquo;<\/a><\/p>","datePublished":"2023-12-19","dateModified":"2024-02-21","author":{"@type":"Person","@id":"https:\/\/www.ksutt.sk\/author\/#Person","name":"","url":"https:\/\/www.ksutt.sk\/author\/","identifier":1,"image":{"@type":"ImageObject","@id":"https:\/\/secure.gravatar.com\/avatar\/d693d76da4b3c2905ed32515295d3c5b2b37600a891f276917d3d592948bcc60?s=96&d=mm&r=g","url":"https:\/\/secure.gravatar.com\/avatar\/d693d76da4b3c2905ed32515295d3c5b2b37600a891f276917d3d592948bcc60?s=96&d=mm&r=g","height":96,"width":96}},"publisher":{"@type":"Organization","name":"ksutt.sk","logo":{"@type":"ImageObject","@id":"\/logo.png","url":"\/logo.png","width":600,"height":60}},"image":{"@type":"ImageObject","@id":"https:\/\/www.ksutt.sk\/wp-content\/uploads\/christmas-6809681_1280.png","url":"https:\/\/www.ksutt.sk\/wp-content\/uploads\/christmas-6809681_1280.png","height":0,"width":0},"url":"https:\/\/www.ksutt.sk\/krasa-vianoc\/","about":["Tovar"],"wordCount":396,"articleBody":"      Tie\u017e si hovor\u00edte, \u017ee to najkraj\u0161ie na Vianociach je pr\u00e1ve viano\u010dn\u00e9 osvetlenie led cencule? A \u017ee sa s nimi d\u00e1 robi\u0165 vec\u00ed! Osvetlenie toti\u017e nemus\u00edte nutne d\u00e1va\u0165 len na strom\u010dek, strom\u010dek a osvetlenie najr\u00f4znej\u0161\u00edch farieb sa hod\u00ed aj napr\u00edklad na balk\u00f3n. Ja som na balk\u00f3n tento rok dala n\u00e1dhern\u00e9 osvetlenie, ktor\u00e9 blik\u00e1 r\u00f4znymi farbami a strieda sa. A ke\u010f idem ve\u010der po ulici a pozer\u00e1m sa, vid\u00edm tie\u017e n\u00e1dhern\u00e9 osvetlenie najr\u00f4znej\u0161\u00edch farieb a to ma hreje na du\u0161i. Vianoce s\u00fa jedn\u00fdm z mojich najob\u013e\u00fabenej\u0161\u00edch obdob\u00ed. Druh\u00fdm najob\u013e\u00fabenej\u0161\u00edm obdob\u00edm je leto a to milujem sn\u00e1\u010f e\u0161te viac. Opa\u013eova\u0165 sa kr\u00e1sne na slnie\u010dku, vid\u00edm sa niekde pri mori s nejak\u00fdm drinkom v ruke ve\u013emi spokojn\u00e1.Mus\u00edm teda ale poveda\u0165, \u017ee ka\u017ed\u00e9 obdobie m\u00e1 aj svoje nev\u00fdhody. U leta je to potrebn\u00e9 to, \u017ee ke\u010f je neznesite\u013en\u00e9 hor\u00faco, tak sa v\u00e1m zle d\u00fdcha a jednoducho sa to na slnku ve\u013emi dlho takto ned\u00e1 vydr\u017ea\u0165. Mus\u00edte sa \u00eds\u0165 osvie\u017ei\u0165 napr\u00edklad do baz\u00e9na, alebo nejak\u00fdm vychladen\u00fdm \u013eadov\u00fdm \u010dajom, alebo \u013eadovou k\u00e1vou. Pri zime je tomu zase naopak. Pokia\u013e je v\u00e1m ve\u013ek\u00e1 zima, \u013eahko sa stane, \u017ee v\u00e1m za\u010dn\u00fa mrzn\u00fa\u0165 prsty. A to je ve\u013emi nepr\u00edjemn\u00e9, preto\u017ee potom nem\u00f4\u017eete chodi\u0165. Najlep\u0161ie je tak\u00fd zlat\u00fd stred. Ani nie \u0161ialen\u00e9 neznesite\u013en\u00e9 teplo, ani nie \u0161ialen\u00e1 studen\u00e1 zima. V zime sa obvykle objavuje na uliciach av pr\u00edrode sneh. Paradox je, \u017ee sa v\u017edy v\u00e4\u010d\u0161inou objav\u00ed a\u017e po Vianociach.A pritom sneh by bol najkraj\u0161\u00ed pr\u00e1ve na Vianoce. Plno \u013eud\u00ed na\u0148ho \u010dak\u00e1, ale \u010dasto sa nedo\u010dk\u00e1 a s\u00fa sklaman\u00ed. A hup, potom pr\u00edde janu\u00e1r a sneh je tu. A deti chodia s mami\u010dkami bobova\u0165, stava\u0165 snehuliakov a gu\u013eova\u0165 sa. Inu, aj zima je celkom zauj\u00edmav\u00e9 a pekn\u00e9 obdobie. Nesmie ale \u0161ialene mrzn\u00fa\u0165. To rad\u0161ej zost\u00e1vam doma a pozorujem zimu a sneh s \u010dajom v ruke, preto\u017ee u\u017e len ke\u010f sa pozriem ako je vonku, som z toho zimomriv\u00e1 a je mi hrozne ve\u013ek\u00e1 zima, tak to teda je.                                                                                                                                                                                                                                                                                                                                                                                                  "},{"@context":"https:\/\/schema.org\/","@type":"BreadcrumbList","itemListElement":[{"@type":"ListItem","position":1,"name":"Krasa Vianoc","item":"https:\/\/www.ksutt.sk\/krasa-vianoc\/#breadcrumbitem"}]}]